{"id":3239,"date":"2022-06-06T23:45:02","date_gmt":"2022-06-06T21:45:02","guid":{"rendered":"https:\/\/riviste.fse.it\/carnetdimarcia\/?p=3239"},"modified":"2023-06-07T23:27:01","modified_gmt":"2023-06-07T21:27:01","slug":"vita-ordinaria-di-una-donna-di-strada","status":"publish","type":"post","link":"https:\/\/riviste.fse.it\/carnetdimarcia\/2022\/06\/06\/vita-ordinaria-di-una-donna-di-strada\/","title":{"rendered":"Vita ordinaria di una donna di strada"},"content":{"rendered":"<p>In un mondo dominato da pandemia, tensioni geopolitiche e guerre, alcuni argomenti sembrano passati un po\u2019 di moda.<br \/>\nEppure, la pace \u00e8 qualcosa che pu\u00f2 essere costruita anche con piccoli gesti, a partire dalla nostra quotidianit\u00e0.<br \/>\nPer questo motivo vi propongo la lettura di questo libro, che racconta la storia di Nadia, ragazza di sedici anni che abita in Romania, nella campagna a nord di Bucarest. In un contesto di abusi familiari e dominio di istinti primordiali, Nadia conoscer\u00e0 la strada ed il lavoro di prostituta. Un racconto coinvolgente, in cui Nadia impara a difendersi da se stessa e dagli avventori, dominando emozioni e sensi di colpa. Un tema delicato, un viaggio freddo nell\u2019umiliazione derivante da una condizione di cui, al giorno d\u2019oggi, non si parla molto, anche se drammaticamente attuale. La fame e la povert\u00e0 inducono Nadia ad accettare comportamenti \u201cdisumani\u201d da parte di personaggi a cui viene consegnata. Ancora per quanto siamo disponibili, come societ\u00e0 civile, a chiudere gli occhi ed accettare che determinate violenze si consumino nell&#8217;oscurit\u00e0 della notte\u00a0 \u00a0 \u00a0 \u00a0 \u00a0<span style=\"color: #ff0000;\"><strong>Massimo Pirola<\/strong><\/span><\/p>\n<p><span style=\"color: #ff0000;\"><strong><a href=\"https:\/\/riviste.fse.it\/carnetdimarcia\/wp-content\/uploads\/2023\/06\/Immagine.jpg\"><img loading=\"lazy\" decoding=\"async\" class=\"wp-image-3240 alignleft\" src=\"https:\/\/riviste.fse.it\/carnetdimarcia\/wp-content\/uploads\/2023\/06\/Immagine-300x244.jpg\" alt=\"\" width=\"273\" height=\"222\" \/><\/a><\/strong><em><a href=\"https:\/\/riviste.fse.it\/carnetdimarcia\/wp-content\/uploads\/2023\/06\/Immagine.jpg\"><span style=\"color: #000000;\">Maria Pia Ammirati \u00e8 dirigente televisiva, scrittrice e giornalista. <\/span><\/a><a href=\"https:\/\/riviste.fse.it\/carnetdimarcia\/wp-content\/uploads\/2023\/06\/Immagine.jpg\"><span style=\"color: #000000;\">Laureata in lettere e giornalista, entra in Rai nel 1992. Lavora per molti anni al Dipartimento Scuola Educazione, poi Rai Educational, come curatrice, produttrice e conduttrice di programmi culturali. <\/span><span style=\"color: #000000;\">\u00c8 autrice di romanzi e di numerose pubblicazioni. Ha ricevuto diversi riconoscimenti, tra cui Selezione al Premio Strega 2001, Selezione Premio Campiello 2011, Premio Procida, Premio Basilicata. Per il lavoro nel mondo dell&#8217;intrattenimento ha ricevuto Premio Rodolfo Valentino 2014 Italian Excellence, organizzato dalla Fondazione<\/span><\/a> Rodolfo Valentino.<\/em><\/span><em><span style=\"color: #000000;\">\u00c8 membro di numerose giurie letterarie, tra cui Premio Strega, Premio Viareggio, Premio Rapallo. Fa parte del Consiglio di Amministrazione di RAI Cinema da agosto 2017 a giugno 2020. \u00c8 Consigliere di Amministrazione di RAI Pubblicit\u00e0, del Teatro dell&#8217;Opera di Roma e della GNAM di Roma. \u00c8 membro del Consiglio Scientifico dell&#8217;Istituto Centrale per i beni Sonori ed Audiovisivi.<\/span><\/em><\/p>\n<p>DATI DEL LIBRO<br \/>\nTitolo: Vita ordinaria di una donna di strada<br \/>\nAutori: Maria Pia Ammirati<br \/>\nEditore: Mondadori<br \/>\nAnno: 2021<a href=\"https:\/\/riviste.fse.it\/carnetdimarcia\/wp-content\/uploads\/2023\/06\/Immagine-3.jpg\"><img loading=\"lazy\" decoding=\"async\" class=\"wp-image-3243 alignright\" src=\"https:\/\/riviste.fse.it\/carnetdimarcia\/wp-content\/uploads\/2023\/06\/Immagine-3.jpg\" alt=\"\" width=\"94\" height=\"93\" srcset=\"https:\/\/riviste.fse.it\/carnetdimarcia\/wp-content\/uploads\/2023\/06\/Immagine-3.jpg 258w, https:\/\/riviste.fse.it\/carnetdimarcia\/wp-content\/uploads\/2023\/06\/Immagine-3-150x150.jpg 150w\" sizes=\"(max-width: 94px) 100vw, 94px\" \/><\/a><br \/>\nPagine: 168<br \/>\nPrezzo: 17,50 euro<\/p>\n","protected":false},"excerpt":{"rendered":"<p>In un mondo dominato da pandemia, tensioni geopolitiche e guerre, alcuni argomenti sembrano passati un po\u2019 di moda. Eppure, la pace \u00e8 qualcosa che pu\u00f2 essere costruita anche con piccoli gesti, a partire dalla nostra quotidianit\u00e0. Per questo motivo vi propongo la lettura di questo libro, che racconta la storia di Nadia, ragazza di sedici [&hellip;]<\/p>\n","protected":false},"author":2,"featured_media":3241,"comment_status":"closed","ping_status":"open","sticky":false,"template":"","format":"standard","meta":{"_et_pb_use_builder":"","_et_pb_old_content":"","_et_gb_content_width":"","footnotes":""},"categories":[37,71],"tags":[930,644,228,935],"class_list":["post-3239","post","type-post","status-publish","format-standard","has-post-thumbnail","hentry","category-apertamente","category-articoli","tag-2022-a-scrutare-il-cielo","tag-libro","tag-verita","tag-vite"],"_links":{"self":[{"href":"https:\/\/riviste.fse.it\/carnetdimarcia\/wp-json\/wp\/v2\/posts\/3239","targetHints":{"allow":["GET"]}}],"collection":[{"href":"https:\/\/riviste.fse.it\/carnetdimarcia\/wp-json\/wp\/v2\/posts"}],"about":[{"href":"https:\/\/riviste.fse.it\/carnetdimarcia\/wp-json\/wp\/v2\/types\/post"}],"author":[{"embeddable":true,"href":"https:\/\/riviste.fse.it\/carnetdimarcia\/wp-json\/wp\/v2\/users\/2"}],"replies":[{"embeddable":true,"href":"https:\/\/riviste.fse.it\/carnetdimarcia\/wp-json\/wp\/v2\/comments?post=3239"}],"version-history":[{"count":4,"href":"https:\/\/riviste.fse.it\/carnetdimarcia\/wp-json\/wp\/v2\/posts\/3239\/revisions"}],"predecessor-version":[{"id":3249,"href":"https:\/\/riviste.fse.it\/carnetdimarcia\/wp-json\/wp\/v2\/posts\/3239\/revisions\/3249"}],"wp:featuredmedia":[{"embeddable":true,"href":"https:\/\/riviste.fse.it\/carnetdimarcia\/wp-json\/wp\/v2\/media\/3241"}],"wp:attachment":[{"href":"https:\/\/riviste.fse.it\/carnetdimarcia\/wp-json\/wp\/v2\/media?parent=3239"}],"wp:term":[{"taxonomy":"category","embeddable":true,"href":"https:\/\/riviste.fse.it\/carnetdimarcia\/wp-json\/wp\/v2\/categories?post=3239"},{"taxonomy":"post_tag","embeddable":true,"href":"https:\/\/riviste.fse.it\/carnetdimarcia\/wp-json\/wp\/v2\/tags?post=3239"}],"curies":[{"name":"wp","href":"https:\/\/api.w.org\/{rel}","templated":true}]}}