{"id":3230,"date":"2022-06-06T23:49:08","date_gmt":"2022-06-06T21:49:08","guid":{"rendered":"https:\/\/riviste.fse.it\/carnetdimarcia\/?p=3230"},"modified":"2023-06-06T05:01:25","modified_gmt":"2023-06-06T03:01:25","slug":"scrutare-il-cielo","status":"publish","type":"post","link":"https:\/\/riviste.fse.it\/carnetdimarcia\/2022\/06\/06\/scrutare-il-cielo\/","title":{"rendered":"Scrutare il cielo"},"content":{"rendered":"<p>Guarda in cielo e conta le stelle se ce la fai! C\u2019\u00e8 una leggera aria di sfida in questa richiesta. Come si possono contare le stelle del cielo senza andare in tilt dopo due secondi!? Eppure, questa \u00e8 una di quelle strane richieste che Dio si diverte a fare ad Abramo. C\u2019\u00e8 un episodio narrato nel libro della Genesi in cui Dio sveglia Abramo nel cuore della notte e lo tira fuori dalla sua tenda piantata nel deserto per fargli questa strana richiesta: \u00abGuarda in cielo e conta le stelle, se le puoi contare\u00bb. Che senso ha una richiesta del genere? Perch\u00e9 divertirsi a svegliare una persona nel cuore della notte con una pretesa assurda?<br \/>\nTutti noi sicuramente custodiamo gelosamente nel nostro cuore il ricordo di quel fuoco di bivacco sotto le stelle in cui ci siamo lasciati meravigliare dalla bellezza del firmamento. Come ad Abramo Dio ci ha fatto vedere tante cose belle e ci ha sussurrato \u00abGuarda quanta bellezza c\u2019\u00e8 intorno a te!\u00bb. Egli non ci ha messo dentro un tunnel oscuro, ma ci ha inseriti in un mondo a colori avendo come meta il cielo. A cosa servono tutte quelle stelle? Perch\u00e9 Dio si \u00e8 dato cos\u00ec da fare per illuminare la notte con questo spettacolo? Per dirci che <em><strong>noi siamo chiamati a cose grandi e meravigliose<\/strong><\/em>.<br \/>\nDio ci promette cose stupende ma poi passa il tempo, e a noi sembra che le cose non vadano dal verso giusto. Come mai? Dio chiede ad Abramo non solo di guardare le stelle, ma anche di contarle. Forse Dio non sa che \u00e8 questa operazione \u00e8 impossibile per l\u2019uomo? Qual \u00e8 il senso di questa richiesta? Abramo era gi\u00e0 avanti negli anni, eppure Dio con questa strana richiesta sta facendo un\u2019operazione straordinaria perch\u00e9 sta educando Abramo ad un principio sacrosanto. Facendogli sperimentare l\u2019impossibilit\u00e0 disarmante di contare le stelle, Dio sta introducendo Abramo nella consapevolezza che la realt\u00e0 sfugge al suo controllo. Per quanto possiamo impegnarci, non siamo noi a dominare la realt\u00e0. La vita ci sfugge, le situazioni si complicano e noi non riusciamo pi\u00f9 a metterle apposto. \u00c8 cos\u00ec nelle nostre relazioni, nelle malattie, nella societ\u00e0. Ci piacerebbe avere tutto sotto il nostro controllo cos\u00ec iniziamo anche noi a contare le stelle, proviamo a fissarne il loro numero per poi accorgerci che non ci riusciamo perch\u00e9 la realt\u00e0 ci sovrasta.<br \/>\nIn questo momento storico Dio ci sta facendo sperimentare ci\u00f2 che ha fatto con Abramo, ovvero ci sta facendo percepire quella strana sensazione di non avere pi\u00f9 il controllo della realt\u00e0. E questo non dovrebbe essere un male perch\u00e9 la volont\u00e0 di tenere tutto sotto controllo \u00e8 il vero peccato che ci impedisce di essere aperti e disponibili alle esigenze dell\u2019amore.<br \/>\nEcco allora che anche noi con Abramo dobbiamo smettere di contare le stelle, di tirare cazzotti contro l\u2019aria e fare un atto di fiducia in Dio che ha stipulato con noi un patto eterno. Abramo ha davanti a lui lo stesso spettacolo che vediamo anche noi quando contempliamo il cielo ma poi deve cedere davanti ad una promessa divina senza alcuna certezza. Anche questa \u00e8 un\u2019esperienza straordinaria che possiamo vivere quando smettiamo di incartarci con le immagini di felicit\u00e0 che ci proiettiamo addosso e aspettiamo che sia la voce del Signore a dischiudere dentro di noi una gioia. Dentro di noi c\u2019\u00e8 molto di pi\u00f9 rispetto a quell\u2019istinto che ci porta a reagire sempre allo stesso modo e con gli stessi risultati assai scarsi. Dovremmo per\u00f2 imparare anche ad avere un po&#8217; pi\u00f9 di pazienza e concederci la possibilit\u00e0 di accogliere quella ricchezza che gi\u00e0 possediamo e che attende solo di rivelarsi mediante la nostra vita.<br \/>\nQuell\u2019universo pieno di stelle che brilla nella notte \u00e8 dentro di noi e guida le nostre vite, \u00e8 il Tempio dello Spirito che ci inabita e che attende di farci una carezza, di asciugare una lacrima, di regalarci uno sguardo in avanti nelle fatiche di ogni giorno.<br \/>\nNoi preferiremmo metterci a dormire e risvegliarci un giorno quando saremo fuori da questi problemi che non sembrano terminare, ma Dio ci sveglia nel cuore di questa notte e ci fa contemplare nel buio che ci circonda lo spettacolo delle stelle perch\u00e9 noi siamo chiamati a stare in questa realt\u00e0 in mezzo a venti di guerra e curve pandemiche fuori controllo. \u00c8 questo il momento in cui destare lo sguardo verso colui che \u00e8 degno di fede per essere uomini e donne di speranza.<\/p>\n<p><span style=\"color: #ff0000;\"><strong>Don Andrea Righi<a href=\"https:\/\/riviste.fse.it\/carnetdimarcia\/wp-content\/uploads\/2023\/06\/scrutando-il-cielo-cadendo-da-cavallo-2.jpg\"><img loading=\"lazy\" decoding=\"async\" class=\"wp-image-3232 alignright\" src=\"https:\/\/riviste.fse.it\/carnetdimarcia\/wp-content\/uploads\/2023\/06\/scrutando-il-cielo-cadendo-da-cavallo-2-300x195.jpg\" alt=\"\" width=\"283\" height=\"184\" \/><\/a><\/strong><\/span><\/p>\n<p><span style=\"color: #ff0000;\">Poi lo fece uscir fuori e gli disse: \u00abGuarda in cielo e conta le stelle, se le puoi contare\u00bb; e soggiunse: \u00abTale sar\u00e0 la tua discendenza\u00bb. Egli credette al Signore che glielo accredit\u00f2 a giustizia.<\/span><br \/>\n<span style=\"color: #ff0000;\">(Gen 15,5-6)<\/span><br \/>\n<span style=\"color: #ff0000;\">Noi rendiamo grazie a Dio, Padre del Signore nostro Ges\u00f9 Cristo, continuamente pregando per voi, avendo avuto notizie della vostra fede in Cristo Ges\u00f9 e della carit\u00e0 che avete verso tutti i santi a causa della speranza che vi attende nei cieli. Ne avete gi\u00e0 udito l&#8217;annuncio dalla parola di verit\u00e0 del Vangelo che \u00e8 giunto a voi. E come in tutto il mondo esso porta frutto e si sviluppa, cos\u00ec avviene anche fra voi, dal giorno in cui avete ascoltato e conosciuto la grazia di Dio nella verit\u00e0.<\/span><br \/>\n<span style=\"color: #ff0000;\">(Col 1,3-6)<\/span><br \/>\n<span style=\"color: #ff0000;\">La tua misericordia d\u00e0 vita; ella d\u00e0 lume per mezzo del quale si conosce la tua clemenza in ogni creatura, nei giusti e nei peccatori. Nell\u2019altezza del cielo riluce la tua misericordia, cio\u00e8 nei santi tuoi. Se io mi vollo alla terra, ella abonda della tua misericordia.<\/span><br \/>\n<span style=\"color: #ff0000;\">(Santa Caterina da Siena, Dialogo della Divina Provvidenza)<\/span><\/p>\n","protected":false},"excerpt":{"rendered":"<p>Guarda in cielo e conta le stelle se ce la fai! C\u2019\u00e8 una leggera aria di sfida in questa richiesta. Come si possono contare le stelle del cielo senza andare in tilt dopo due secondi!? Eppure, questa \u00e8 una di quelle strane richieste che Dio si diverte a fare ad Abramo. C\u2019\u00e8 un episodio narrato [&hellip;]<\/p>\n","protected":false},"author":2,"featured_media":3231,"comment_status":"closed","ping_status":"open","sticky":false,"template":"","format":"standard","meta":{"_et_pb_use_builder":"","_et_pb_old_content":"","_et_gb_content_width":"","footnotes":""},"categories":[71,35],"tags":[930,933,786,932],"class_list":["post-3230","post","type-post","status-publish","format-standard","has-post-thumbnail","hentry","category-articoli","category-cadendo-da-cavallo","tag-2022-a-scrutare-il-cielo","tag-abramo","tag-pazienza","tag-stelle"],"_links":{"self":[{"href":"https:\/\/riviste.fse.it\/carnetdimarcia\/wp-json\/wp\/v2\/posts\/3230","targetHints":{"allow":["GET"]}}],"collection":[{"href":"https:\/\/riviste.fse.it\/carnetdimarcia\/wp-json\/wp\/v2\/posts"}],"about":[{"href":"https:\/\/riviste.fse.it\/carnetdimarcia\/wp-json\/wp\/v2\/types\/post"}],"author":[{"embeddable":true,"href":"https:\/\/riviste.fse.it\/carnetdimarcia\/wp-json\/wp\/v2\/users\/2"}],"replies":[{"embeddable":true,"href":"https:\/\/riviste.fse.it\/carnetdimarcia\/wp-json\/wp\/v2\/comments?post=3230"}],"version-history":[{"count":1,"href":"https:\/\/riviste.fse.it\/carnetdimarcia\/wp-json\/wp\/v2\/posts\/3230\/revisions"}],"predecessor-version":[{"id":3233,"href":"https:\/\/riviste.fse.it\/carnetdimarcia\/wp-json\/wp\/v2\/posts\/3230\/revisions\/3233"}],"wp:featuredmedia":[{"embeddable":true,"href":"https:\/\/riviste.fse.it\/carnetdimarcia\/wp-json\/wp\/v2\/media\/3231"}],"wp:attachment":[{"href":"https:\/\/riviste.fse.it\/carnetdimarcia\/wp-json\/wp\/v2\/media?parent=3230"}],"wp:term":[{"taxonomy":"category","embeddable":true,"href":"https:\/\/riviste.fse.it\/carnetdimarcia\/wp-json\/wp\/v2\/categories?post=3230"},{"taxonomy":"post_tag","embeddable":true,"href":"https:\/\/riviste.fse.it\/carnetdimarcia\/wp-json\/wp\/v2\/tags?post=3230"}],"curies":[{"name":"wp","href":"https:\/\/api.w.org\/{rel}","templated":true}]}}