{"id":2613,"date":"2019-01-01T23:53:46","date_gmt":"2019-01-01T22:53:46","guid":{"rendered":"http:\/\/riviste.fse.it\/carnetdimarcia\/?p=2613"},"modified":"2019-02-07T18:56:58","modified_gmt":"2019-02-07T17:56:58","slug":"la-mia-promessa-e-sempre-cucita-sul-cuore","status":"publish","type":"post","link":"https:\/\/riviste.fse.it\/carnetdimarcia\/2019\/01\/01\/la-mia-promessa-e-sempre-cucita-sul-cuore\/","title":{"rendered":"La mia Promessa \u00e8 sempre cucita sul cuore"},"content":{"rendered":"<p>Intervista a: Francesco BERLONI<\/p>\n<p style=\"text-align: justify\"><em>Il personaggio che incontriamo oggi e che ci far\u00e0 da guida nel nostro cammino \u00e8 un esempio in tutti i sensi. Ci parler\u00e0 del suo passato e del suo presente\u2026 e che presente! Per me \u00e8 un onore intervistarlo, anche perch\u00e9, da collega, non mi capiter\u00e0 pi\u00f9 di fare domande ad uno come lui\u2026 <strong>Francesco BERLONI<\/strong> Rover di Calcinelli \u2013 Capitano dell\u2019Arma dei Carabinieri a Corleone<\/em><br \/>\n<span style=\"color: #ff0000\"><strong><em>Buona Strada<\/em><\/strong><\/span><\/p>\n<p style=\"text-align: justify\"><strong>Caro Francesco, prima di tuffarci nell\u2019argomento, parlaci un po\u2019 di te.<\/strong><br \/>\n<em>Un caro saluto ai lettori e Buona Strada. Sono entrato a far parte della grande famiglia degli Scout d\u2019Europa nel 2000 come esploratore. Le attivit\u00e0 e le avventure vissute con i fratelli scout sono ancora nitide nella mia mente. Devo tanto al metodo e allo stile scout, per me sono stati una sana palestra educativa di cui andr\u00f2 sempre fiero.<\/em><br \/>\n<em>La mia vita militare \u00e8 iniziata molto presto: nel 2005, all\u2019et\u00e0 di 16 anni, sono entrato alla Scuola Militare \u201cTeuli\u00e8\u201d di Milano, poi Accademia Militare di Modena e infine Scuola Ufficiali Carabinieri di Roma. Per un totale di 8 anni di formazione. Nonostante gli impegni, durante le licenze invernali ed estive, non vedevo l\u2019ora di vestire l\u2019uniforme kaki ed il fazzolettone gialloverde di Calcinelli.<\/em><br \/>\n<em>Dal 2014 al 2017, ho svolto il mio primo incarico professionale come Comandante del Nucleo Operativo e Radiomobile di Trapani. Oggi presto servizio a Corleone.<\/em><\/p>\n<p style=\"text-align: justify\"><strong><img loading=\"lazy\" decoding=\"async\" class=\"size-medium wp-image-2586 alignleft\" src=\"http:\/\/riviste.fse.it\/carnetdimarcia\/wp-content\/uploads\/sites\/2\/2019\/02\/Sale_2-222x300.jpg\" alt=\"\" width=\"222\" height=\"300\" srcset=\"https:\/\/riviste.fse.it\/carnetdimarcia\/wp-content\/uploads\/2019\/02\/Sale_2-222x300.jpg 222w, https:\/\/riviste.fse.it\/carnetdimarcia\/wp-content\/uploads\/2019\/02\/Sale_2-100x135.jpg 100w, https:\/\/riviste.fse.it\/carnetdimarcia\/wp-content\/uploads\/2019\/02\/Sale_2-150x203.jpg 150w, https:\/\/riviste.fse.it\/carnetdimarcia\/wp-content\/uploads\/2019\/02\/Sale_2-200x271.jpg 200w, https:\/\/riviste.fse.it\/carnetdimarcia\/wp-content\/uploads\/2019\/02\/Sale_2.jpg 297w\" sizes=\"(max-width: 222px) 100vw, 222px\" \/>Cosa significava al tempo in cui eri Rover\/RS la parola \u201cServizio\u201d???<\/strong><br \/>\n<em>Il Servizio \u00e8 quanto di pi\u00f9 nobile ed importante nella vita di un buon cristiano, quindi di uno scout. Per impegni lavorativi non ho mai fatto servizio da RS all\u2019interno del mio Gruppo, bens\u00ec ritengo di aver fatto il possibile per mettere in pratica, quotidianamente, lo spirito del servizio. Se svolto con dignit\u00e0 ed abnegazione, credo sia qualcosa di estremamente gratificante.<\/em><\/p>\n<p style=\"text-align: justify\"><strong>Ed oggi?<\/strong><br \/>\n<em>Il mio Servizio non \u00e8 mai cambiato, oggi pi\u00f9 che mai.<\/em><br \/>\n<em>L\u2019uniforme \u00e8 diversa, ma la Promessa \u00e8 sempre allo stesso posto, cucita sul cuore. L\u2019Arma dei Carabinieri mi offre un\u2019opportunit\u00e0 unica, che allo stesso tempo \u00e8 anche una grande responsabilit\u00e0: poter essere di aiuto alla gente nel momento del bisogno, cerco di farlo quotidianamente con professionalit\u00e0 e umanit\u00e0.<\/em><\/p>\n<p style=\"text-align: justify\"><strong>Che tipo di \u201cservizio\u201d svolgi all\u2019interno dell\u2019Arma dei Carabinieri?<\/strong><br \/>\n<em>Sono un Ufficiale dell\u2019Arma e attualmente ricopro l\u2019incarico di Comandante della Compagnia Carabinieri di Corleone, dalla quale dipende un Nucleo Operativo e Radiomobile e sette Stazioni Carabinieri, dislocate capillarmente nei comuni limitrofi. Mi occupo prevalentemente di indagini di polizia giudiziaria, prevenzione e repressione dei reati. Oltre agli aspetti operativi, i momenti sicuramente pi\u00f9 gratificanti e stimolanti per me, sono gli incontri con gli studenti delle scuole. Sono preziose occasioni per avvicinarmi ai pi\u00f9 giovani e confrontarmi con loro, affrontando importanti temi di attualit\u00e0 come il bullismo, il cyberbullismo e le dipendenze, al fine di accrescere la cultura della legalit\u00e0 e il rispetto per le Istituzioni.<img loading=\"lazy\" decoding=\"async\" class=\"size-medium wp-image-2587 alignright\" src=\"http:\/\/riviste.fse.it\/carnetdimarcia\/wp-content\/uploads\/sites\/2\/2019\/02\/Sale_3-210x300.jpg\" alt=\"\" width=\"210\" height=\"300\" srcset=\"https:\/\/riviste.fse.it\/carnetdimarcia\/wp-content\/uploads\/2019\/02\/Sale_3-210x300.jpg 210w, https:\/\/riviste.fse.it\/carnetdimarcia\/wp-content\/uploads\/2019\/02\/Sale_3-100x143.jpg 100w, https:\/\/riviste.fse.it\/carnetdimarcia\/wp-content\/uploads\/2019\/02\/Sale_3-150x214.jpg 150w, https:\/\/riviste.fse.it\/carnetdimarcia\/wp-content\/uploads\/2019\/02\/Sale_3-200x286.jpg 200w, https:\/\/riviste.fse.it\/carnetdimarcia\/wp-content\/uploads\/2019\/02\/Sale_3.jpg 270w\" sizes=\"(max-width: 210px) 100vw, 210px\" \/><\/em><\/p>\n<p style=\"text-align: justify\"><strong>Sei felice, nel senso sei appagato\u2026hai realizzato il tuo sogno?<\/strong><br \/>\n<em>Sono molto felice, ho sicuramente realizzato il mio sogno e tale consapevolezza la percepisco quotidianamente, avendo la fortuna di lavorare con infaticabili collaboratori, accomunati da un non comune senso del dovere e spirito di sacrificio. A questo si aggiunge anche la stima ed il riconoscimento dei cittadini onesti.<\/em><\/p>\n<p style=\"text-align: justify\"><strong>Quanto del Rover che eri c\u2019\u00e8 nel Capitano BERLONI?<\/strong><br \/>\n<em>Ribadisco che la mia Promessa \u00e8 sempre cucita sul cuore, la finalit\u00e0 del servizio e la determinazione sono le stesse.<\/em><\/p>\n<p style=\"text-align: justify\"><strong>Beh, allora\u2026Gentilissimo Capitano chi \u00e8 per lei il suo prossimo???<\/strong><br \/>\n<em>In questo momento, il mio prossimo sono i cittadini di Corleone e dei paesi della mia giurisdizione. Il mio prossimo sono i miei Carabinieri, dei quali conservo profondo rispetto. Il mio prossimo \u00e8 chiunque abbia bisogno di me.<\/em><\/p>\n<p style=\"text-align: justify\"><strong>Comando e responsabilit\u00e0\u2026in quale percentuale caratterizzano la tua esperienza? Possono essere in correlazione con la parola servizio???<\/strong><br \/>\n<em>Responsabilit\u00e0 del comando, in queste parole si racchiude pienamente tutta la mia esperienza. Le percentuali possono variare a seconda dei diversi contesti, di certo, sono inscindibili uno dall\u2019altro. Non si pu\u00f2 essere dei buoni Comandanti se non ci si assume anche la responsabilit\u00e0 delle proprie scelte. Chiaramente, affinch\u00e9 queste parole possano caratterizzarsi positivamente, devono essere indirizzate verso un unico obiettivo &#8211; aiutare il prossimo &#8211; da raggiungere attraverso il nostro Servizio. Il raggiungimento di un qualsiasi risultato non pu\u00f2 prescindere da un giusto equilibrio tra queste componenti.<\/em><\/p>\n<p style=\"text-align: justify\"><strong><img loading=\"lazy\" decoding=\"async\" class=\"size-medium wp-image-2588 alignleft\" src=\"http:\/\/riviste.fse.it\/carnetdimarcia\/wp-content\/uploads\/sites\/2\/2019\/02\/Sale_4-210x300.jpg\" alt=\"\" width=\"210\" height=\"300\" srcset=\"https:\/\/riviste.fse.it\/carnetdimarcia\/wp-content\/uploads\/2019\/02\/Sale_4-210x300.jpg 210w, https:\/\/riviste.fse.it\/carnetdimarcia\/wp-content\/uploads\/2019\/02\/Sale_4-100x143.jpg 100w, https:\/\/riviste.fse.it\/carnetdimarcia\/wp-content\/uploads\/2019\/02\/Sale_4-150x215.jpg 150w, https:\/\/riviste.fse.it\/carnetdimarcia\/wp-content\/uploads\/2019\/02\/Sale_4-200x286.jpg 200w, https:\/\/riviste.fse.it\/carnetdimarcia\/wp-content\/uploads\/2019\/02\/Sale_4.jpg 269w\" sizes=\"(max-width: 210px) 100vw, 210px\" \/>Botta e risposta. Ti dico una parola a caso e rispondi con la prima parola che ti viene in mente: sicurezza\u2026 incolumit\u00e0\u2026 obiettivo\u2026 forza\u2026<\/strong><br \/>\n<em>Sicurezza \u2192 Priorit\u00e0<\/em><br \/>\n<em>Incolumit\u00e0 \u2192 Prevenzione<\/em><br \/>\n<em>Obiettivo \u2192 Prossimo<\/em><br \/>\n<em>Forza \u2192 Gruppo<\/em><\/p>\n<p style=\"text-align: justify\"><strong>Se ti parlo di \u201ccoerenza\u201d a cosa pensi?<\/strong><br \/>\n<em>Parlando di coerenza penso all\u2019esempio. Mai come oggi, in un contesto sociale fatto di falsi miti e idoli a breve scadenza, un buon esempio \u00e8 determinante per formare buoni cittadini e buoni cristiani.<\/em><\/p>\n<p style=\"text-align: justify\"><strong>Vivi e lavori in un territorio fortemente condizionato dalla criminalit\u00e0 organizzata\u2026 com\u2019\u00e8 il tuo rapporto con la popolazione locale?<\/strong><br \/>\n<em>Il rapporto con la cittadinanza \u00e8 sicuramente buono.<\/em><br \/>\n<em>Ho felicemente constatato che la maggior parte dei corleonesi \u00e8 comprensibilmente stanca di vivere nello stereotipo del paese del padrino. Grazie a molti giovani operosi ed onesti, Corleone sta con determinazione riconquistando la dignit\u00e0 che gli spetta, mostrando la ragione per cui questo paese dovrebbe essere veramente conosciuto in tutto il mondo: il grande patrimonio culturale ed artistico, gli incantevoli paesaggi e la fertilit\u00e0 delle sue terre, ma soprattutto per i veri corleonesi.<img loading=\"lazy\" decoding=\"async\" class=\"alignright wp-image-2589 size-thumbnail\" src=\"http:\/\/riviste.fse.it\/carnetdimarcia\/wp-content\/uploads\/sites\/2\/2019\/02\/Sale_5-150x150.jpg\" alt=\"\" width=\"150\" height=\"150\" \/><\/em><\/p>\n<p style=\"text-align: justify\"><strong>Al di l\u00e0 dalla tua funzione istituzionale\u2026 pensi ancora che in un contesto del genere possano trovare spazio parole come \u201cservizio\u201d e \u201cprossimo\u201d?<\/strong><br \/>\n<em>Assolutamente s\u00ec, se c\u2019\u00e8 qualcosa che questa meravigliosa regione mi ha insegnato, \u00e8 che gli anticorpi sono tanto pi\u00f9 forti quando si sviluppano in un contesto che sembra severamente compromesso.<\/em><br \/>\n<em>La fiducia nello Stato e nelle Istituzioni pu\u00f2 accrescersi dal semplice atteggiamento quotidiano di ognuno di noi: nella gentilezza, nella generosit\u00e0, nell\u2019umanit\u00e0 e nei piccoli gesti sinceri.<\/em><br \/>\n<em>Pertanto, soprattutto in questo contesto, il servizio al prossimo trover\u00e0 sempre pi\u00f9 spazio come cura per i mali che affliggono da troppo tempo questa terra.<\/em><\/p>\n<p><em><strong>a cura di Michele Zoncu<\/strong><\/em><\/p>\n<p>&nbsp;<\/p>\n","protected":false},"excerpt":{"rendered":"<p>Intervista a: Francesco BERLONI Il personaggio che incontriamo oggi e che ci far\u00e0 da guida nel nostro cammino \u00e8 un esempio in tutti i sensi. Ci parler\u00e0 del suo passato e del suo presente\u2026 e che presente! Per me \u00e8 un onore intervistarlo, anche perch\u00e9, da collega, non mi capiter\u00e0 pi\u00f9 di fare domande ad [&hellip;]<\/p>\n","protected":false},"author":13,"featured_media":2585,"comment_status":"closed","ping_status":"open","sticky":false,"template":"","format":"standard","meta":{"_et_pb_use_builder":"","_et_pb_old_content":"","_et_gb_content_width":"","footnotes":""},"categories":[71,33],"tags":[736,739,209,740,129,152,74,87],"class_list":["post-2613","post","type-post","status-publish","format-standard","has-post-thumbnail","hentry","category-articoli","category-interviste","tag-2018-d-servizio-con-servizio","tag-carabinieri","tag-coerenza","tag-lealta","tag-prossimo","tag-responsabilita","tag-rover","tag-servizio"],"_links":{"self":[{"href":"https:\/\/riviste.fse.it\/carnetdimarcia\/wp-json\/wp\/v2\/posts\/2613","targetHints":{"allow":["GET"]}}],"collection":[{"href":"https:\/\/riviste.fse.it\/carnetdimarcia\/wp-json\/wp\/v2\/posts"}],"about":[{"href":"https:\/\/riviste.fse.it\/carnetdimarcia\/wp-json\/wp\/v2\/types\/post"}],"author":[{"embeddable":true,"href":"https:\/\/riviste.fse.it\/carnetdimarcia\/wp-json\/wp\/v2\/users\/13"}],"replies":[{"embeddable":true,"href":"https:\/\/riviste.fse.it\/carnetdimarcia\/wp-json\/wp\/v2\/comments?post=2613"}],"version-history":[{"count":1,"href":"https:\/\/riviste.fse.it\/carnetdimarcia\/wp-json\/wp\/v2\/posts\/2613\/revisions"}],"predecessor-version":[{"id":2614,"href":"https:\/\/riviste.fse.it\/carnetdimarcia\/wp-json\/wp\/v2\/posts\/2613\/revisions\/2614"}],"wp:featuredmedia":[{"embeddable":true,"href":"https:\/\/riviste.fse.it\/carnetdimarcia\/wp-json\/wp\/v2\/media\/2585"}],"wp:attachment":[{"href":"https:\/\/riviste.fse.it\/carnetdimarcia\/wp-json\/wp\/v2\/media?parent=2613"}],"wp:term":[{"taxonomy":"category","embeddable":true,"href":"https:\/\/riviste.fse.it\/carnetdimarcia\/wp-json\/wp\/v2\/categories?post=2613"},{"taxonomy":"post_tag","embeddable":true,"href":"https:\/\/riviste.fse.it\/carnetdimarcia\/wp-json\/wp\/v2\/tags?post=2613"}],"curies":[{"name":"wp","href":"https:\/\/api.w.org\/{rel}","templated":true}]}}